{"id":3852,"date":"2023-09-02T16:16:48","date_gmt":"2023-09-02T16:16:48","guid":{"rendered":"https:\/\/bestyachts.net\/?p=3852"},"modified":"2023-12-10T15:44:16","modified_gmt":"2023-12-10T15:44:16","slug":"the-italian-sea-group-announces-the-keel-laying-of-the-new-admiral-mega-yacht-gc-force-73","status":"publish","type":"post","link":"https:\/\/bestyachts.net\/tr\/the-italian-sea-group-announces-the-keel-laying-of-the-new-admiral-mega-yacht-gc-force-73\/","title":{"rendered":"\u0130talyan Sea Group, yeni Admiral Mega Yat\u0131 GC Force 73'\u00fcn k\u0131\u00e7 hatt\u0131n\u0131n d\u00f6\u015fenmesini duyuruyor."},"content":{"rendered":"<h2>Admiral filosunun yeni 73 metrelik mega yat\u0131, denizcilik filosunun yeni m\u00fccevheri.<\/h2>\n<p class=\" translation-block\">L\u00fcks yat\u00e7\u0131l\u0131k end\u00fcstrisinde k\u00fcresel bir operat\u00f6r olan <strong>The Italian Sea Group<\/strong>, <strong>Admiral<\/strong> filosunun yeni m\u00fccevheri olan <strong>GC - Force 73 metrelik mega yat<\/strong>'\u0131n <strong>k\u0131\u00e7 hatt\u0131n\u0131n d\u00f6\u015fenmesini<\/strong> duyuruyor.<\/p>\n<h2>TISG, 50 metreden daha uzun yatlar konusunda k\u00fcresel bir liderdir.<\/h2>\n<p>Bu motor yat\u0131n bu y\u0131l\u0131n ba\u015flar\u0131nda tamamlanan sat\u0131\u015f\u0131, b\u00fcy\u00fck yatlar pazar\u0131 segmentinde lider k\u00fcresel bir oyuncu konumunu g\u00fc\u00e7lendiren TISG'nin geli\u015fim yolunu do\u011frulamaktad\u0131r.<\/p>\n<p class=\" translation-block\">Yat\u0131n in\u015fas\u0131, Sahip Temsilcisi olarak <strong>Richard Hein<\/strong> taraf\u0131ndan y\u00f6netilen <strong>The A Group<\/strong> ekibi taraf\u0131ndan koordine edilecektir.<\/p>\n<h2 class=\" translation-block\">Mega yat\u0131n k\u0131\u00e7 hatt\u0131n\u0131n d\u00f6\u015fenmesi: yeni bir <em>\u00f6zel proje<\/em> i\u00e7in \u00f6zel bir an.<\/h2>\n<blockquote class=\"wp-block-quote\">\n<p class=\"has-text-align-left translation-block\">\"<em><strong>K\u0131\u00e7 hatt\u0131 d\u00f6\u015feme t\u00f6reni<\/strong>, \u00f6zellikle bu boyutta ve bu gelecek odakl\u0131 \u00f6zelliklere sahip <strong>\u00f6zel bir projenin in\u015fas\u0131 s\u0131ras\u0131nda her zaman \u00f6zel bir an olur, hem estetik hem de m\u00fchendislik a\u00e7\u0131s\u0131ndan<\/strong>. Yatlar\u0131m\u0131za olan s\u00fcrekli ve artan ilgi, \u00f6zellikle b\u00fcy\u00fck boyutlarda hi\u00e7bir taviz vermeden, giderek daha fazla talepkar ve kalite odakl\u0131 m\u00fc\u015fterilerin ihtiya\u00e7lar\u0131n\u0131 \u00f6ng\u00f6rebilme ve kar\u015f\u0131lama yetene\u011fini do\u011fruluyor. Admiral GC-Force, Grubu karakterize eden profesyonellik sayesinde ba\u015far\u0131lan \u00f6nemli bir kilometre ta\u015f\u0131n\u0131 temsil ediyor ve d\u00fcnya \u00e7ap\u0131nda \u00fcnl\u00fc Admiral yatlar\u0131n\u0131n m\u00fchendislik, tasar\u0131m ara\u015ft\u0131rmas\u0131 ve y\u00fcksek kalite standard\u0131n\u0131n de\u011ferini teyit ediyor.\"<\/em><\/p>\n<p class=\" translation-block\">\u2013 dedi, <strong>The Italian Sea Group'un Kurucusu ve CEO'su Giovanni Costantino<\/strong>.<\/p><\/blockquote>\n<p>&nbsp;<\/p>\n<h2>Prestij, zarafet ve kesintisiz Admiral konforu.<\/h2>\n<p class=\" translation-block\">Yeni 73 metrelik mega yat Admiral, okyanus ge\u00e7i\u015flerini kesintisiz konforla sa\u011flamak i\u00e7in <strong>\u00e7elik bir g\u00f6vde ve al\u00fcminyum bir \u00fcst yap\u0131<\/strong> ile yap\u0131lacakt\u0131r.<\/p>\n<h2>D\u0131\u015f tasar\u0131mlar The Italian Sea Group'un Centro Stile taraf\u0131ndan yap\u0131l\u0131rken, i\u00e7 tasar\u0131mlar FM Architettura taraf\u0131ndan ger\u00e7ekle\u015ftirildi.<\/h2>\n<p class=\" translation-block\">D\u0131\u015f tasar\u0131mlar <strong>The Italian Sea Group\u2019un Centro Stile<\/strong> taraf\u0131ndan ger\u00e7ekle\u015ftiriliyor. Bu tasar\u0131mlar zarif hatlara, g\u00fcvertelerde geni\u015f ya\u015fam alanlar\u0131na ve c\u00f6mert pencerelere sahip. \u0130\u00e7 mekan tasar\u0131m\u0131 ise <strong>FM Architettura<\/strong> tasar\u0131m st\u00fcdyosu taraf\u0131ndan y\u00f6netiliyor.<\/p>\n<div class=\"wp-block-spacer\" aria-hidden=\"true\"><\/div>\n<blockquote class=\"wp-block-quote\">\n<p class=\"has-text-align-left translation-block\">\"<em><strong>FM ekibi olarak, Sahip ve ailesi taraf\u0131ndan bu g\u00fczel geminin mimari ve i\u00e7 mekan tasar\u0131m\u0131n\u0131 geli\u015ftirmek i\u00e7in se\u00e7ildi\u011fimiz i\u00e7in \u00e7ok mutlu ve onurluyuz<\/strong>. Bizi ve t\u00fcm Proje Ekibini ger\u00e7ekten \u00f6zel bir \u015fey yaratma yolunda y\u00f6nlendiren \u00e7ok net ve ilham verici bir vizyon var<\/em>. <em>Onu denizlere a\u00e7\u0131l\u0131rken g\u00f6rmeyi ve ke\u015ffetmeyi d\u00f6rt g\u00f6zle bekliyoruz, ancak en \u00f6nemlisi, sahiplerine b\u00fcy\u00fck mutluluk ya\u015fatmay\u0131 d\u00f6rt g\u00f6zle bekliyoruz.<\/em>\"<\/p>\n<p><cite class=\" translation-block\"><em>\u2013<\/em> dedi, <strong>FM Architettura'n\u0131n kurucu orta\u011f\u0131 Francesca Muzio<\/strong>.<\/cite><\/p><\/blockquote>\n<h3>Yeni Admiral GC-Force 73'\u00fcn teslimat\u0131 2026 y\u0131l\u0131nda planlanm\u0131\u015ft\u0131r.<\/h3>","protected":false},"excerpt":{"rendered":"<p>New 73m mega yacht sea gem of the Admiral fleet The Italian Sea Group,\u00a0global operator in the luxury yachting industry, announces the\u00a0keel laying of the mega yacht\u00a0GC \u2013 Force 73 meters, the new gem of the\u00a0Admiral\u00a0fleet. TISG global leader in yachts over 50 meters The sale of this motor yacht, finalized earlier this year, corroborates&#8230;<\/p>","protected":false},"author":990002,"featured_media":3853,"comment_status":"closed","ping_status":"open","sticky":false,"template":"","format":"standard","meta":{"footnotes":"","_links_to":"","_links_to_target":""},"categories":[249],"tags":[],"class_list":["post-3852","post","type-post","status-publish","format-standard","has-post-thumbnail","hentry","category-news"],"acf":[],"_links":{"self":[{"href":"https:\/\/bestyachts.net\/tr\/wp-json\/wp\/v2\/posts\/3852","targetHints":{"allow":["GET"]}}],"collection":[{"href":"https:\/\/bestyachts.net\/tr\/wp-json\/wp\/v2\/posts"}],"about":[{"href":"https:\/\/bestyachts.net\/tr\/wp-json\/wp\/v2\/types\/post"}],"author":[{"embeddable":true,"href":"https:\/\/bestyachts.net\/tr\/wp-json\/wp\/v2\/users\/990002"}],"replies":[{"embeddable":true,"href":"https:\/\/bestyachts.net\/tr\/wp-json\/wp\/v2\/comments?post=3852"}],"version-history":[{"count":0,"href":"https:\/\/bestyachts.net\/tr\/wp-json\/wp\/v2\/posts\/3852\/revisions"}],"wp:featuredmedia":[{"embeddable":true,"href":"https:\/\/bestyachts.net\/tr\/wp-json\/wp\/v2\/media\/3853"}],"wp:attachment":[{"href":"https:\/\/bestyachts.net\/tr\/wp-json\/wp\/v2\/media?parent=3852"}],"wp:term":[{"taxonomy":"category","embeddable":true,"href":"https:\/\/bestyachts.net\/tr\/wp-json\/wp\/v2\/categories?post=3852"},{"taxonomy":"post_tag","embeddable":true,"href":"https:\/\/bestyachts.net\/tr\/wp-json\/wp\/v2\/tags?post=3852"}],"curies":[{"name":"wp","href":"https:\/\/api.w.org\/{rel}","templated":true}]}}